{"id":30,"date":"2026-02-24T12:56:59","date_gmt":"2026-02-24T12:56:59","guid":{"rendered":"https:\/\/petycje.ordoiuris.pl\/?p=30"},"modified":"2026-02-24T16:10:35","modified_gmt":"2026-02-24T16:10:35","slug":"stopatakomnawiare-pl","status":"publish","type":"post","link":"https:\/\/petycje.ordoiuris.pl\/index.php\/2026\/02\/24\/stopatakomnawiare-pl\/","title":{"rendered":"stopatakomnawiare.pl"},"content":{"rendered":"\n<p>Podczas mszy \u015bwi\u0119tej w Mie\u015bcisku pijany 47-latek wtargn\u0105\u0142 do ko\u015bcio\u0142a, zdemolowa\u0142 o\u0142tarz i uszkodzi\u0142 krzy\u017c, a nast\u0119pnie rzuci\u0142 si\u0119 na proboszcza, wywo\u0142uj\u0105c w\u015br\u00f3d wiernych pop\u0142och i panik\u0119. Dramatyczne nagranie z zaj\u015bcia, pe\u0142ne wulgarnych krzyk\u00f3w i obraz\u00f3w profanacji, szybko obieg\u0142o internet, budz\u0105c powszechne oburzenie.<\/p>\n\n\n\n<p>Coraz cz\u0119stsze i bardziej zuchwa\u0142e ataki musz\u0105 spotka\u0107 si\u0119 jednoznacznym sprzeciwem polskich w\u0142adz! Dlatego kierujemy petycj\u0119 do w\u0142adz gminy Mie\u015bcisko o postawienie sprawy jasno!<\/p>\n\n\n\n<p><\/p>\n\n\n\n<div class=\"wp-block-buttons is-content-justification-center is-layout-flex wp-container-core-buttons-is-layout-16018d1d wp-block-buttons-is-layout-flex\">\n<div class=\"wp-block-button\"><a class=\"wp-block-button__link has-white-color has-vivid-red-background-color has-text-color has-background has-link-color wp-element-button\" href=\"http:\/\/stopatakomnawiare.pl\" style=\"font-style:normal;font-weight:600\">Podpisuj\u0119 petycj\u0119<\/a><\/div>\n<\/div>\n","protected":false},"excerpt":{"rendered":"<p>Podczas mszy \u015bwi\u0119tej w Mie\u015bcisku pijany 47-latek wtargn\u0105\u0142 do ko\u015bcio\u0142a, zdemolowa\u0142 o\u0142tarz i uszkodzi\u0142 krzy\u017c, a nast\u0119pnie rzuci\u0142 si\u0119 na proboszcza, wywo\u0142uj\u0105c w\u015br\u00f3d wiernych pop\u0142och i panik\u0119. Dramatyczne nagranie z zaj\u015bcia, pe\u0142ne wulgarnych krzyk\u00f3w i obraz\u00f3w profanacji, szybko obieg\u0142o internet, budz\u0105c powszechne oburzenie. Coraz cz\u0119stsze i bardziej zuchwa\u0142e ataki musz\u0105 spotka\u0107 si\u0119 jednoznacznym sprzeciwem polskich [&hellip;]<\/p>\n","protected":false},"author":2,"featured_media":23,"comment_status":"open","ping_status":"closed","sticky":false,"template":"","format":"standard","meta":{"_et_pb_use_builder":"off","_et_pb_old_content":"","_et_gb_content_width":"","footnotes":""},"categories":[4],"tags":[],"class_list":["post-30","post","type-post","status-publish","format-standard","has-post-thumbnail","hentry","category-petycje"],"_links":{"self":[{"href":"https:\/\/petycje.ordoiuris.pl\/index.php\/wp-json\/wp\/v2\/posts\/30","targetHints":{"allow":["GET"]}}],"collection":[{"href":"https:\/\/petycje.ordoiuris.pl\/index.php\/wp-json\/wp\/v2\/posts"}],"about":[{"href":"https:\/\/petycje.ordoiuris.pl\/index.php\/wp-json\/wp\/v2\/types\/post"}],"author":[{"embeddable":true,"href":"https:\/\/petycje.ordoiuris.pl\/index.php\/wp-json\/wp\/v2\/users\/2"}],"replies":[{"embeddable":true,"href":"https:\/\/petycje.ordoiuris.pl\/index.php\/wp-json\/wp\/v2\/comments?post=30"}],"version-history":[{"count":4,"href":"https:\/\/petycje.ordoiuris.pl\/index.php\/wp-json\/wp\/v2\/posts\/30\/revisions"}],"predecessor-version":[{"id":60,"href":"https:\/\/petycje.ordoiuris.pl\/index.php\/wp-json\/wp\/v2\/posts\/30\/revisions\/60"}],"wp:featuredmedia":[{"embeddable":true,"href":"https:\/\/petycje.ordoiuris.pl\/index.php\/wp-json\/wp\/v2\/media\/23"}],"wp:attachment":[{"href":"https:\/\/petycje.ordoiuris.pl\/index.php\/wp-json\/wp\/v2\/media?parent=30"}],"wp:term":[{"taxonomy":"category","embeddable":true,"href":"https:\/\/petycje.ordoiuris.pl\/index.php\/wp-json\/wp\/v2\/categories?post=30"},{"taxonomy":"post_tag","embeddable":true,"href":"https:\/\/petycje.ordoiuris.pl\/index.php\/wp-json\/wp\/v2\/tags?post=30"}],"curies":[{"name":"wp","href":"https:\/\/api.w.org\/{rel}","templated":true}]}}