{"id":33,"date":"2026-02-23T12:57:47","date_gmt":"2026-02-23T12:57:47","guid":{"rendered":"https:\/\/petycje.ordoiuris.pl\/?p=33"},"modified":"2026-02-24T15:31:56","modified_gmt":"2026-02-24T15:31:56","slug":"nierozdzielajcierodzin-pl","status":"publish","type":"post","link":"https:\/\/petycje.ordoiuris.pl\/index.php\/2026\/02\/23\/nierozdzielajcierodzin-pl\/","title":{"rendered":"nierozdzielajcierodzin.pl"},"content":{"rendered":"\n<p>Tragedia rodziny pani Magdaleny Wo\u017anej, kt\u00f3rej dzieci \u2013 3-letnia Lena i 4-miesi\u0119czny Oskar \u2013 zosta\u0142y rozdzielone i umieszczone w dw\u00f3ch niespokrewnionych rodzinach zast\u0119pczych po osadzeniu matki w wi\u0119zieniu za drobne przest\u0119pstwo, dobitnie pokazuje, jak bardzo obecne przepisy i praktyka odbiegaj\u0105 od zasad sprawiedliwo\u015bci, prawa do s\u0105du, dobra rodziny, dobra dziecka czy ochrony wi\u0119zi rodzinnych. Oskar zmar\u0142 w nowym miejscu pobytu zaledwie cztery dni po odebraniu go matce. Trafi\u0142 tam bez postanowienia s\u0105du. Tragedii tej mo\u017cna by\u0142o unikn\u0105\u0107, gdyby nie bezduszno\u015b\u0107 systemu. Ta patologiczna sytuacja obrazuje nam, jak wiele rzeczy musimy zmieni\u0107 w obecnym systemie pieczy zast\u0119pczej oraz ochrony autonomii i integralno\u015bci rodziny.<\/p>\n\n\n\n<p><\/p>\n\n\n\n<div class=\"wp-block-buttons is-content-justification-center is-layout-flex wp-container-core-buttons-is-layout-16018d1d wp-block-buttons-is-layout-flex\">\n<div class=\"wp-block-button\"><a class=\"wp-block-button__link has-white-color has-vivid-red-background-color has-text-color has-background has-link-color wp-element-button\" href=\"http:\/\/nierozdzielajcierodzin.pl\" style=\"font-style:normal;font-weight:600\">Podpisuj\u0119 petycj\u0119<\/a><\/div>\n<\/div>\n","protected":false},"excerpt":{"rendered":"<p>Tragedia rodziny pani Magdaleny Wo\u017anej, kt\u00f3rej dzieci \u2013 3-letnia Lena i 4-miesi\u0119czny Oskar \u2013 zosta\u0142y rozdzielone i umieszczone w dw\u00f3ch niespokrewnionych rodzinach zast\u0119pczych po osadzeniu matki w wi\u0119zieniu za drobne przest\u0119pstwo, dobitnie pokazuje, jak bardzo obecne przepisy i praktyka odbiegaj\u0105 od zasad sprawiedliwo\u015bci, prawa do s\u0105du, dobra rodziny, dobra dziecka czy ochrony wi\u0119zi rodzinnych. Oskar [&hellip;]<\/p>\n","protected":false},"author":2,"featured_media":24,"comment_status":"open","ping_status":"closed","sticky":false,"template":"","format":"standard","meta":{"_et_pb_use_builder":"off","_et_pb_old_content":"","_et_gb_content_width":"","footnotes":""},"categories":[4],"tags":[],"class_list":["post-33","post","type-post","status-publish","format-standard","has-post-thumbnail","hentry","category-petycje"],"_links":{"self":[{"href":"https:\/\/petycje.ordoiuris.pl\/index.php\/wp-json\/wp\/v2\/posts\/33","targetHints":{"allow":["GET"]}}],"collection":[{"href":"https:\/\/petycje.ordoiuris.pl\/index.php\/wp-json\/wp\/v2\/posts"}],"about":[{"href":"https:\/\/petycje.ordoiuris.pl\/index.php\/wp-json\/wp\/v2\/types\/post"}],"author":[{"embeddable":true,"href":"https:\/\/petycje.ordoiuris.pl\/index.php\/wp-json\/wp\/v2\/users\/2"}],"replies":[{"embeddable":true,"href":"https:\/\/petycje.ordoiuris.pl\/index.php\/wp-json\/wp\/v2\/comments?post=33"}],"version-history":[{"count":2,"href":"https:\/\/petycje.ordoiuris.pl\/index.php\/wp-json\/wp\/v2\/posts\/33\/revisions"}],"predecessor-version":[{"id":62,"href":"https:\/\/petycje.ordoiuris.pl\/index.php\/wp-json\/wp\/v2\/posts\/33\/revisions\/62"}],"wp:featuredmedia":[{"embeddable":true,"href":"https:\/\/petycje.ordoiuris.pl\/index.php\/wp-json\/wp\/v2\/media\/24"}],"wp:attachment":[{"href":"https:\/\/petycje.ordoiuris.pl\/index.php\/wp-json\/wp\/v2\/media?parent=33"}],"wp:term":[{"taxonomy":"category","embeddable":true,"href":"https:\/\/petycje.ordoiuris.pl\/index.php\/wp-json\/wp\/v2\/categories?post=33"},{"taxonomy":"post_tag","embeddable":true,"href":"https:\/\/petycje.ordoiuris.pl\/index.php\/wp-json\/wp\/v2\/tags?post=33"}],"curies":[{"name":"wp","href":"https:\/\/api.w.org\/{rel}","templated":true}]}}