{"id":72,"date":"2026-02-20T16:16:17","date_gmt":"2026-02-20T16:16:17","guid":{"rendered":"https:\/\/petycje.ordoiuris.pl\/?p=72"},"modified":"2026-02-24T16:16:28","modified_gmt":"2026-02-24T16:16:28","slug":"stopzabijaniudzieci-pl","status":"publish","type":"post","link":"https:\/\/petycje.ordoiuris.pl\/index.php\/2026\/02\/20\/stopzabijaniudzieci-pl\/","title":{"rendered":"stopzabijaniudzieci.pl"},"content":{"rendered":"\n<p>Pod koniec marca na jaw wysz\u0142a bulwersuj\u0105ca sprawa ch\u0142opca o imieniu Felek, kt\u00f3ry w pa\u017adzierniku ubieg\u0142ego roku nied\u0142ugo przed narodzinami zosta\u0142 u\u015bmiercony zastrzykiem z chlorku potasu w serce.Na jakiej podstawie zabito nienarodzone dziecko, skoro mo\u017cliwe i zgodne z prawem oraz praktyk\u0105 medyczn\u0105 by\u0142o przerwanie ci\u0105\u017cy i zachowanie \u017cycia ch\u0142opca? Dosz\u0142o tutaj do powa\u017cnego przest\u0119pstwa! Do u\u015bmiercenia ch\u0142opca niew\u0105tpliwie przyczyni\u0142y si\u0119 wytyczne Minister Zdrowia Izabeli Leszczyny sugeruj\u0105ce lekarzom dokonywanie bezrefleksyjnych aborcji w ka\u017cdym przypadku zagro\u017cenia zdrowia matki. Protestujemy przeciwko ich dalszemu funkcjonowaniu!<\/p>\n\n\n\n<p><\/p>\n\n\n\n<div class=\"wp-block-buttons is-content-justification-center is-layout-flex wp-container-core-buttons-is-layout-16018d1d wp-block-buttons-is-layout-flex\">\n<div class=\"wp-block-button\"><a class=\"wp-block-button__link has-white-color has-vivid-red-background-color has-text-color has-background has-link-color wp-element-button\" href=\"http:\/\/stopzabijaniudzieci.pl\" style=\"font-style:normal;font-weight:600\">Podpisuj\u0119 petycj\u0119<\/a><\/div>\n<\/div>\n","protected":false},"excerpt":{"rendered":"<p>Pod koniec marca na jaw wysz\u0142a bulwersuj\u0105ca sprawa ch\u0142opca o imieniu Felek, kt\u00f3ry w pa\u017adzierniku ubieg\u0142ego roku nied\u0142ugo przed narodzinami zosta\u0142 u\u015bmiercony zastrzykiem z chlorku potasu w serce.Na jakiej podstawie zabito nienarodzone dziecko, skoro mo\u017cliwe i zgodne z prawem oraz praktyk\u0105 medyczn\u0105 by\u0142o przerwanie ci\u0105\u017cy i zachowanie \u017cycia ch\u0142opca? Dosz\u0142o tutaj do powa\u017cnego przest\u0119pstwa! Do [&hellip;]<\/p>\n","protected":false},"author":2,"featured_media":66,"comment_status":"open","ping_status":"closed","sticky":false,"template":"","format":"standard","meta":{"_et_pb_use_builder":"","_et_pb_old_content":"","_et_gb_content_width":"","footnotes":""},"categories":[4],"tags":[],"class_list":["post-72","post","type-post","status-publish","format-standard","has-post-thumbnail","hentry","category-petycje"],"_links":{"self":[{"href":"https:\/\/petycje.ordoiuris.pl\/index.php\/wp-json\/wp\/v2\/posts\/72","targetHints":{"allow":["GET"]}}],"collection":[{"href":"https:\/\/petycje.ordoiuris.pl\/index.php\/wp-json\/wp\/v2\/posts"}],"about":[{"href":"https:\/\/petycje.ordoiuris.pl\/index.php\/wp-json\/wp\/v2\/types\/post"}],"author":[{"embeddable":true,"href":"https:\/\/petycje.ordoiuris.pl\/index.php\/wp-json\/wp\/v2\/users\/2"}],"replies":[{"embeddable":true,"href":"https:\/\/petycje.ordoiuris.pl\/index.php\/wp-json\/wp\/v2\/comments?post=72"}],"version-history":[{"count":2,"href":"https:\/\/petycje.ordoiuris.pl\/index.php\/wp-json\/wp\/v2\/posts\/72\/revisions"}],"predecessor-version":[{"id":75,"href":"https:\/\/petycje.ordoiuris.pl\/index.php\/wp-json\/wp\/v2\/posts\/72\/revisions\/75"}],"wp:featuredmedia":[{"embeddable":true,"href":"https:\/\/petycje.ordoiuris.pl\/index.php\/wp-json\/wp\/v2\/media\/66"}],"wp:attachment":[{"href":"https:\/\/petycje.ordoiuris.pl\/index.php\/wp-json\/wp\/v2\/media?parent=72"}],"wp:term":[{"taxonomy":"category","embeddable":true,"href":"https:\/\/petycje.ordoiuris.pl\/index.php\/wp-json\/wp\/v2\/categories?post=72"},{"taxonomy":"post_tag","embeddable":true,"href":"https:\/\/petycje.ordoiuris.pl\/index.php\/wp-json\/wp\/v2\/tags?post=72"}],"curies":[{"name":"wp","href":"https:\/\/api.w.org\/{rel}","templated":true}]}}